{"id":1257,"date":"2023-09-26T14:32:55","date_gmt":"2023-09-26T12:32:55","guid":{"rendered":"http:\/\/phylacteres-bd.fr\/?p=1257"},"modified":"2023-09-26T14:36:10","modified_gmt":"2023-09-26T12:36:10","slug":"detranges-grands-podcasts","status":"publish","type":"post","link":"https:\/\/phylacteres-bd.fr\/index.php\/2023\/09\/26\/detranges-grands-podcasts\/","title":{"rendered":"D&rsquo;\u00e9tranges grands podcasts&#8230;"},"content":{"rendered":"\n<p>Mi-septembre, David, Anso et Guigui \u00e9taient en d\u00e9dicaces pour Phylact\u00e8res au festival litt\u00e9raire \u00c9TRANGE GRANDE. C&rsquo;est l\u00e0 qu&rsquo;ils ont crois\u00e9 l&rsquo;inqui\u00e9tant et sautillant Winny de Galaxy Pop. En moins de temps qu&rsquo;il ne faut pour le dire Guigui &amp; David \u00e9taient aux micros du bougre, qui avait une liste consid\u00e9rable de questions \u00e0 nous poser. Et nous, vous le savez bien : faut pas nous demander notre avis, sinon, on le donne!<\/p>\n\n\n\n<script src=\"https:\/\/podcloud.fr\/player-embed\/helper.js\"><\/script>\n<iframe loading=\"lazy\" width=\"100%\" height=\"320\" src=\"https:\/\/podcloud.fr\/podcast\/galaxie-pop-la-constellation\/episode\/les-voix-des-livres-etrange-grande-numero-3-itw-du-commandant-guigui\/player\" frameborder=\"0\" allow=\"accelerometer; autoplay; encrypted-media; gyroscope; picture-in-picture; fullscreen\"><\/iframe>\n\n\n\n<script src=\"https:\/\/podcloud.fr\/player-embed\/helper.js\"><\/script>\n<iframe loading=\"lazy\" width=\"100%\" height=\"320\" src=\"https:\/\/podcloud.fr\/podcast\/galaxie-pop-la-constellation\/episode\/les-voix-des-livres-speciale-etrange-grande-numero-5-avec-david-bulle-president-de-phylacteres\/player\" frameborder=\"0\" allow=\"accelerometer; autoplay; encrypted-media; gyroscope; picture-in-picture; fullscreen\"><\/iframe>\n\n\n\n<hr class=\"wp-block-separator has-alpha-channel-opacity\"\/>\n\n\n\n<p>Et en bonus, voici l&rsquo;interview du copain Denis-Christian G\u00e9rard qui nous parle de ses romans :<\/p>\n\n\n\n<script src=\"https:\/\/podcloud.fr\/player-embed\/helper.js\"><\/script>\n<iframe loading=\"lazy\" width=\"100%\" height=\"320\" src=\"https:\/\/podcloud.fr\/podcast\/galaxie-pop-la-constellation\/episode\/les-voix-des-livres-speciale-etrange-grande-numero-7-avec-la-fantasy-de-denis-christian-gerard\/player\" frameborder=\"0\" allow=\"accelerometer; autoplay; encrypted-media; gyroscope; picture-in-picture; fullscreen\"><\/iframe>\n\n\n\n<hr class=\"wp-block-separator has-alpha-channel-opacity\"\/>\n\n\n\n<div style=\"height:10px\" aria-hidden=\"true\" class=\"wp-block-spacer\"><\/div>\n\n\n\n<p>Les podcasts GALAXY POP sont la Milky Way auditive. Toutes les th\u00e9matiques de Galaxie Pop au m\u00eame endroit. Une constellation de Podcasts ! La Milky Way pour vos oreilles. \u00c0 \u00e9couter <strong><a href=\"https:\/\/podcloud.fr\/podcast\/galaxie-pop-la-constellation\">ici<\/a><\/strong>.<\/p>\n\n\n<div class=\"wp-block-image\">\n<figure class=\"aligncenter size-large\"><img data-recalc-dims=\"1\" decoding=\"async\" src=\"https:\/\/i0.wp.com\/uploads.podcloud.fr\/uploads\/covers\/0d8b\/8989\/8cb7\/12d6\/dbc7\/ffd5\/0a71\/b73c\/4dde\/0201\/big_0d8b89898cb712d6dbc7ffd50a71b73c4dde0201.jpg?w=1200&#038;ssl=1\" alt=\"\"\/><\/figure>\n<\/div>","protected":false},"excerpt":{"rendered":"<p>Mi-septembre, David, Anso et Guigui \u00e9taient en d\u00e9dicaces pour Phylact\u00e8res au festival litt\u00e9raire \u00c9TRANGE GRANDE. C&rsquo;est l\u00e0 qu&rsquo;ils ont crois\u00e9 l&rsquo;inqui\u00e9tant et sautillant Winny de Galaxy Pop. En moins de&hellip;&nbsp;<a href=\"https:\/\/phylacteres-bd.fr\/index.php\/2023\/09\/26\/detranges-grands-podcasts\/\" rel=\"bookmark\">Lire la suite &raquo;<span class=\"screen-reader-text\">D&rsquo;\u00e9tranges grands podcasts&#8230;<\/span><\/a><\/p>\n","protected":false},"author":1,"featured_media":1258,"comment_status":"open","ping_status":"open","sticky":false,"template":"","format":"standard","meta":{"neve_meta_sidebar":"","neve_meta_container":"","neve_meta_enable_content_width":"","neve_meta_content_width":0,"neve_meta_title_alignment":"","neve_meta_author_avatar":"","neve_post_elements_order":"","neve_meta_disable_header":"","neve_meta_disable_footer":"","neve_meta_disable_title":"","_themeisle_gutenberg_block_has_review":false,"_jetpack_memberships_contains_paid_content":false,"footnotes":""},"categories":[6,1],"tags":[],"class_list":["post-1257","post","type-post","status-publish","format-standard","has-post-thumbnail","hentry","category-rencontres","category-revue-de-presse"],"jetpack_featured_media_url":"https:\/\/i0.wp.com\/phylacteres-bd.fr\/wp-content\/uploads\/2023\/09\/podcastetrange.jpg?fit=1000%2C500&ssl=1","jetpack_sharing_enabled":true,"_links":{"self":[{"href":"https:\/\/phylacteres-bd.fr\/index.php\/wp-json\/wp\/v2\/posts\/1257","targetHints":{"allow":["GET"]}}],"collection":[{"href":"https:\/\/phylacteres-bd.fr\/index.php\/wp-json\/wp\/v2\/posts"}],"about":[{"href":"https:\/\/phylacteres-bd.fr\/index.php\/wp-json\/wp\/v2\/types\/post"}],"author":[{"embeddable":true,"href":"https:\/\/phylacteres-bd.fr\/index.php\/wp-json\/wp\/v2\/users\/1"}],"replies":[{"embeddable":true,"href":"https:\/\/phylacteres-bd.fr\/index.php\/wp-json\/wp\/v2\/comments?post=1257"}],"version-history":[{"count":4,"href":"https:\/\/phylacteres-bd.fr\/index.php\/wp-json\/wp\/v2\/posts\/1257\/revisions"}],"predecessor-version":[{"id":1263,"href":"https:\/\/phylacteres-bd.fr\/index.php\/wp-json\/wp\/v2\/posts\/1257\/revisions\/1263"}],"wp:featuredmedia":[{"embeddable":true,"href":"https:\/\/phylacteres-bd.fr\/index.php\/wp-json\/wp\/v2\/media\/1258"}],"wp:attachment":[{"href":"https:\/\/phylacteres-bd.fr\/index.php\/wp-json\/wp\/v2\/media?parent=1257"}],"wp:term":[{"taxonomy":"category","embeddable":true,"href":"https:\/\/phylacteres-bd.fr\/index.php\/wp-json\/wp\/v2\/categories?post=1257"},{"taxonomy":"post_tag","embeddable":true,"href":"https:\/\/phylacteres-bd.fr\/index.php\/wp-json\/wp\/v2\/tags?post=1257"}],"curies":[{"name":"wp","href":"https:\/\/api.w.org\/{rel}","templated":true}]}}