{"id":1270,"date":"2024-01-02T13:51:39","date_gmt":"2024-01-02T12:51:39","guid":{"rendered":"http:\/\/phylacteres-bd.fr\/?p=1270"},"modified":"2024-01-02T13:55:30","modified_gmt":"2024-01-02T12:55:30","slug":"nous-serons-a-angouleme-2024","status":"publish","type":"post","link":"https:\/\/phylacteres-bd.fr\/index.php\/2024\/01\/02\/nous-serons-a-angouleme-2024\/","title":{"rendered":"Nous serons \u00e0 Angoul\u00eame 2024 !"},"content":{"rendered":"\n<p><strong>Le Festival international de la bande dessin\u00e9e d\u2019Angoul\u00eame 2024 sera sous le signe du mouvement, tourn\u00e9&nbsp;vers la jeunesse et la cr\u00e9ation&nbsp;!<\/strong><\/p>\n\n\n\n<figure class=\"wp-block-image size-large\"><img data-recalc-dims=\"1\" loading=\"lazy\" decoding=\"async\" width=\"1024\" height=\"1024\" src=\"https:\/\/i0.wp.com\/phylacteres-bd.fr\/wp-content\/uploads\/2023\/12\/FhmPLelWYAAu-RR.jpeg.webp?resize=1024%2C1024\" alt=\"Dessin de Riad Sattouf\" class=\"wp-image-1266\"\/><\/figure>\n\n\n\n<p>Le Festival international de la bande dessin\u00e9e d\u2019Angoul\u00eame 2024 sera sous le signe du mouvement, tourn\u00e9&nbsp;vers la jeunesse et la cr\u00e9ation&nbsp;! Au programme&nbsp;des expositions&nbsp;: Riad Sattouf&nbsp;<em>l\u2019Arabe du futur \u0153uvre-monde,<\/em>&nbsp;Nine Antico&nbsp;<em>Chambre avec vue et&nbsp;<\/em>Lorenzo Mattotti ou&nbsp;<em>L\u2019art de courir<\/em>, Lignes de d\u00e9part&nbsp;<em>rien ne sert de courir<\/em>&nbsp;et Berg\u00e8res guerri\u00e8res, pour la jeunesse et la jeune cr\u00e9ation. Pour le manga, une \u00e9dition 2024 r\u00e9solument effervescente avec les expositions Moto Hagio,&nbsp;<em>au-del\u00e0 des genres<\/em>, Hiroaki Samura&nbsp;:&nbsp;<em>corps et armes<\/em>, Dracula&nbsp;:&nbsp;<em>immersion dans les t\u00e9n\u00eabres<\/em>. Et bien entendu des masterclass, des rencontres, des ateliers et une tr\u00e8s grande librairie o\u00f9 vous retrouverez bandes dessin\u00e9es, mangas, comics, des lectures les populaires aux plus confidentielles.<\/p>\n\n\n\n<ul class=\"wp-block-list\">\n<li>Tarifs r\u00e9duits sur justificatifs pour les demandeurs d\u2019emploi, les personnes \u00e0 mobilit\u00e9 r\u00e9duite, les b\u00e9n\u00e9ficiaires du RSA, AAH, ASS.<\/li>\n\n\n\n<li>Tarif jeune valable de 10 \u00e0 17 ans.<\/li>\n\n\n\n<li>Gratuit pour les enfants de moins de 10 ans.<\/li>\n<\/ul>\n\n\n\n<p><strong>Et nous y serons, 9 ans apr\u00e8s notre derni\u00e8re venue ! Notre stand sera \u00e0 l\u2019espace NOUVEAU MONDE (N62).<\/strong><\/p>\n\n\n\n<figure data-wp-context=\"{&quot;imageId&quot;:&quot;69eee332069ac&quot;}\" data-wp-interactive=\"core\/image\" data-wp-key=\"69eee332069ac\" class=\"wp-block-image size-large wp-lightbox-container\"><img data-recalc-dims=\"1\" loading=\"lazy\" decoding=\"async\" width=\"1024\" height=\"549\" data-wp-class--hide=\"state.isContentHidden\" data-wp-class--show=\"state.isContentVisible\" data-wp-init=\"callbacks.setButtonStyles\" data-wp-on--click=\"actions.showLightbox\" data-wp-on--load=\"callbacks.setButtonStyles\" data-wp-on-window--resize=\"callbacks.setButtonStyles\" src=\"https:\/\/i0.wp.com\/phylacteres-bd.fr\/wp-content\/uploads\/2024\/01\/PLAN-FIBD-2024.jpg?resize=1024%2C549\" alt=\"Plan de l'espace du NOUVEAU MONDE, nous serons \u00e0 l'emplacement N62\" class=\"wp-image-1272\" srcset=\"https:\/\/i0.wp.com\/phylacteres-bd.fr\/wp-content\/uploads\/2024\/01\/PLAN-FIBD-2024.jpg?resize=1024%2C549&amp;ssl=1 1024w, https:\/\/i0.wp.com\/phylacteres-bd.fr\/wp-content\/uploads\/2024\/01\/PLAN-FIBD-2024.jpg?resize=300%2C161&amp;ssl=1 300w, https:\/\/i0.wp.com\/phylacteres-bd.fr\/wp-content\/uploads\/2024\/01\/PLAN-FIBD-2024.jpg?resize=768%2C412&amp;ssl=1 768w, https:\/\/i0.wp.com\/phylacteres-bd.fr\/wp-content\/uploads\/2024\/01\/PLAN-FIBD-2024.jpg?resize=1536%2C823&amp;ssl=1 1536w, https:\/\/i0.wp.com\/phylacteres-bd.fr\/wp-content\/uploads\/2024\/01\/PLAN-FIBD-2024.jpg?w=1754&amp;ssl=1 1754w\" sizes=\"auto, (max-width: 1024px) 100vw, 1024px\" \/><button\n\t\t\tclass=\"lightbox-trigger\"\n\t\t\ttype=\"button\"\n\t\t\taria-haspopup=\"dialog\"\n\t\t\taria-label=\"Agrandir\"\n\t\t\tdata-wp-init=\"callbacks.initTriggerButton\"\n\t\t\tdata-wp-on--click=\"actions.showLightbox\"\n\t\t\tdata-wp-style--right=\"state.imageButtonRight\"\n\t\t\tdata-wp-style--top=\"state.imageButtonTop\"\n\t\t>\n\t\t\t<svg xmlns=\"http:\/\/www.w3.org\/2000\/svg\" width=\"12\" height=\"12\" fill=\"none\" viewBox=\"0 0 12 12\">\n\t\t\t\t<path fill=\"#fff\" d=\"M2 0a2 2 0 0 0-2 2v2h1.5V2a.5.5 0 0 1 .5-.5h2V0H2Zm2 10.5H2a.5.5 0 0 1-.5-.5V8H0v2a2 2 0 0 0 2 2h2v-1.5ZM8 12v-1.5h2a.5.5 0 0 0 .5-.5V8H12v2a2 2 0 0 1-2 2H8Zm2-12a2 2 0 0 1 2 2v2h-1.5V2a.5.5 0 0 0-.5-.5H8V0h2Z\" \/>\n\t\t\t<\/svg>\n\t\t<\/button><\/figure>\n\n\n\n<hr class=\"wp-block-separator has-alpha-channel-opacity\"\/>\n\n\n\n<p><strong>Voici notre programme (pr\u00e9visionnel) de d\u00e9dicaces :&nbsp;<\/strong><\/p>\n\n\n\n<ul class=\"wp-block-list\">\n<li>JEUDI 10h-13h : Yves, Bri<\/li>\n\n\n\n<li>JEUDI 13h-16h : Guigui, Bri, Carlos R<\/li>\n\n\n\n<li>JEUDI 16h-19h : Guigui, Carlos R, Yves<\/li>\n\n\n\n<li>VENDREDI 10h-13h : Bri, Guigui, Carlos R<\/li>\n\n\n\n<li>VENDREDI 13h-16h : Bri, Yves, Carlos R<\/li>\n\n\n\n<li>VENDREDI 16h-19h : Guigui, Yves<\/li>\n\n\n\n<li>SAMEDI 10h-13h15 : Anso, Tosca, Bri, Carlos R<\/li>\n\n\n\n<li>SAMEDI 13h15-16h40 : Guigui, Yves, Th\u00e9o<\/li>\n\n\n\n<li>SAMEDI 16h40-20h : Yves, Guigui, Anso, Carlos R<\/li>\n\n\n\n<li>DIMANCHE 10h-12h : Guigui, Carlos R, Th\u00e9o<\/li>\n\n\n\n<li>DIMANCHE 12h-14h : Anso, Th\u00e9o, Yves, Bri<\/li>\n\n\n\n<li>DIMANCHE 14h-15h : Yves, Guigui, Bri, Carlos R<\/li>\n\n\n\n<li>DIMANCHE 15h-17h30 : Anso, Tosca, Th\u00e9o<\/li>\n<\/ul>\n\n\n\n<p>On vous y attend, plus motiv\u00e9(e)s que jamais ! \ud83d\ude42<\/p>\n\n\n\n<figure class=\"wp-block-image size-full\"><img data-recalc-dims=\"1\" loading=\"lazy\" decoding=\"async\" width=\"960\" height=\"540\" src=\"https:\/\/i0.wp.com\/phylacteres-bd.fr\/wp-content\/uploads\/2022\/12\/10858629_884460118251475_4804271363741539015_n.jpg?resize=960%2C540\" alt=\"\" class=\"wp-image-74\" srcset=\"https:\/\/i0.wp.com\/phylacteres-bd.fr\/wp-content\/uploads\/2022\/12\/10858629_884460118251475_4804271363741539015_n.jpg?w=960&amp;ssl=1 960w, https:\/\/i0.wp.com\/phylacteres-bd.fr\/wp-content\/uploads\/2022\/12\/10858629_884460118251475_4804271363741539015_n.jpg?resize=300%2C169&amp;ssl=1 300w, https:\/\/i0.wp.com\/phylacteres-bd.fr\/wp-content\/uploads\/2022\/12\/10858629_884460118251475_4804271363741539015_n.jpg?resize=768%2C432&amp;ssl=1 768w\" sizes=\"auto, (max-width: 960px) 100vw, 960px\" \/><\/figure>\n","protected":false},"excerpt":{"rendered":"<p>Le Festival international de la bande dessin\u00e9e d\u2019Angoul\u00eame 2024 sera sous le signe du mouvement, tourn\u00e9&nbsp;vers la jeunesse et la cr\u00e9ation&nbsp;! Le Festival international de la bande dessin\u00e9e d\u2019Angoul\u00eame 2024&hellip;&nbsp;<a href=\"https:\/\/phylacteres-bd.fr\/index.php\/2024\/01\/02\/nous-serons-a-angouleme-2024\/\" rel=\"bookmark\">Lire la suite &raquo;<span class=\"screen-reader-text\">Nous serons \u00e0 Angoul\u00eame 2024 !<\/span><\/a><\/p>\n","protected":false},"author":1,"featured_media":1274,"comment_status":"open","ping_status":"open","sticky":false,"template":"","format":"standard","meta":{"neve_meta_sidebar":"","neve_meta_container":"","neve_meta_enable_content_width":"","neve_meta_content_width":0,"neve_meta_title_alignment":"","neve_meta_author_avatar":"","neve_post_elements_order":"","neve_meta_disable_header":"","neve_meta_disable_footer":"","neve_meta_disable_title":"","_themeisle_gutenberg_block_has_review":false,"_jetpack_memberships_contains_paid_content":false,"footnotes":""},"categories":[6],"tags":[50,5,56],"class_list":["post-1270","post","type-post","status-publish","format-standard","has-post-thumbnail","hentry","category-rencontres","tag-angouleme","tag-festival","tag-fibd"],"jetpack_featured_media_url":"https:\/\/i0.wp.com\/phylacteres-bd.fr\/wp-content\/uploads\/2024\/01\/fibd2024B.jpg?fit=1000%2C500&ssl=1","jetpack_sharing_enabled":true,"_links":{"self":[{"href":"https:\/\/phylacteres-bd.fr\/index.php\/wp-json\/wp\/v2\/posts\/1270","targetHints":{"allow":["GET"]}}],"collection":[{"href":"https:\/\/phylacteres-bd.fr\/index.php\/wp-json\/wp\/v2\/posts"}],"about":[{"href":"https:\/\/phylacteres-bd.fr\/index.php\/wp-json\/wp\/v2\/types\/post"}],"author":[{"embeddable":true,"href":"https:\/\/phylacteres-bd.fr\/index.php\/wp-json\/wp\/v2\/users\/1"}],"replies":[{"embeddable":true,"href":"https:\/\/phylacteres-bd.fr\/index.php\/wp-json\/wp\/v2\/comments?post=1270"}],"version-history":[{"count":1,"href":"https:\/\/phylacteres-bd.fr\/index.php\/wp-json\/wp\/v2\/posts\/1270\/revisions"}],"predecessor-version":[{"id":1273,"href":"https:\/\/phylacteres-bd.fr\/index.php\/wp-json\/wp\/v2\/posts\/1270\/revisions\/1273"}],"wp:featuredmedia":[{"embeddable":true,"href":"https:\/\/phylacteres-bd.fr\/index.php\/wp-json\/wp\/v2\/media\/1274"}],"wp:attachment":[{"href":"https:\/\/phylacteres-bd.fr\/index.php\/wp-json\/wp\/v2\/media?parent=1270"}],"wp:term":[{"taxonomy":"category","embeddable":true,"href":"https:\/\/phylacteres-bd.fr\/index.php\/wp-json\/wp\/v2\/categories?post=1270"},{"taxonomy":"post_tag","embeddable":true,"href":"https:\/\/phylacteres-bd.fr\/index.php\/wp-json\/wp\/v2\/tags?post=1270"}],"curies":[{"name":"wp","href":"https:\/\/api.w.org\/{rel}","templated":true}]}}