{"id":838,"date":"2019-09-10T12:52:00","date_gmt":"2019-09-10T10:52:00","guid":{"rendered":"http:\/\/phylacteres-bd.fr\/?p=838"},"modified":"2023-01-05T12:55:06","modified_gmt":"2023-01-05T11:55:06","slug":"sortie-de-notre-album-inga","status":"publish","type":"post","link":"https:\/\/phylacteres-bd.fr\/index.php\/2019\/09\/10\/sortie-de-notre-album-inga\/","title":{"rendered":"Sortie de notre album Inga"},"content":{"rendered":"\n<p>En approche pour le&nbsp;<a href=\"http:\/\/web.archive.org\/web\/20190930052254\/http:\/\/forum.ouaisweb.com\/viewtopic.php?f=18&amp;t=4565\">LIVRE SUR LA PLACE<\/a>, la sortie d&rsquo;un nouvel album de fantasy, made in Phylact\u00e8res avec&nbsp;<em><strong>INGA<\/strong><\/em>&nbsp;! Inga est une jeune fille menac\u00e9e en raison de son appartenance \u00e0 la race humaine&#8230; dont elle est la toute derni\u00e8re repr\u00e9sentante. Une saga men\u00e9e par&nbsp;<a href=\"http:\/\/web.archive.org\/web\/20190930052254\/http:\/\/www.ouaisweb.com\/auteurs\/index.php?pages\/Anne-Sophie-Hopp\">Anne-Sophie HOPP<\/a>, alias Anso, qui n&rsquo;est rien de moins que la sc\u00e9nariste et dessinatrice. \u00c0 la couleur, nous retrouvons&nbsp;<a href=\"http:\/\/web.archive.org\/web\/20190930052254\/http:\/\/www.ouaisweb.com\/auteurs\/index.php?pages\/Sylvain-Costa\">Sylvain COSTA<\/a>&nbsp;alias Tosca. La BD sera bient\u00f4t disponible sur notre boutique en ligne mais en attendant vous pouvez d\u00e9j\u00e0 d\u00e9couvrir quelques pages et venir en discuter avec nous, sur notre&nbsp;<a href=\"http:\/\/web.archive.org\/web\/20190930052254\/http:\/\/forum.ouaisweb.com\/viewtopic.php?f=108&amp;t=4569&amp;p=76446#p76446\">forum<\/a>.<\/p>\n\n\n<div class=\"wp-block-image\">\n<figure class=\"aligncenter size-full\"><img data-recalc-dims=\"1\" loading=\"lazy\" decoding=\"async\" width=\"450\" height=\"642\" src=\"https:\/\/i0.wp.com\/phylacteres-bd.fr\/wp-content\/uploads\/2023\/01\/inga450.jpg?resize=450%2C642\" alt=\"\" class=\"wp-image-841\" srcset=\"https:\/\/i0.wp.com\/phylacteres-bd.fr\/wp-content\/uploads\/2023\/01\/inga450.jpg?w=450&amp;ssl=1 450w, https:\/\/i0.wp.com\/phylacteres-bd.fr\/wp-content\/uploads\/2023\/01\/inga450.jpg?resize=210%2C300&amp;ssl=1 210w\" sizes=\"auto, (max-width: 450px) 100vw, 450px\" \/><\/figure>\n<\/div>","protected":false},"excerpt":{"rendered":"<p>En approche pour le&nbsp;LIVRE SUR LA PLACE, la sortie d&rsquo;un nouvel album de fantasy, made in Phylact\u00e8res avec&nbsp;INGA&nbsp;! Inga est une jeune fille menac\u00e9e en raison de son appartenance \u00e0&hellip;&nbsp;<a href=\"https:\/\/phylacteres-bd.fr\/index.php\/2019\/09\/10\/sortie-de-notre-album-inga\/\" rel=\"bookmark\">Lire la suite &raquo;<span class=\"screen-reader-text\">Sortie de notre album Inga<\/span><\/a><\/p>\n","protected":false},"author":1,"featured_media":839,"comment_status":"open","ping_status":"open","sticky":false,"template":"","format":"standard","meta":{"neve_meta_sidebar":"","neve_meta_container":"","neve_meta_enable_content_width":"","neve_meta_content_width":0,"neve_meta_title_alignment":"","neve_meta_author_avatar":"","neve_post_elements_order":"","neve_meta_disable_header":"","neve_meta_disable_footer":"","neve_meta_disable_title":"","_themeisle_gutenberg_block_has_review":false,"_jetpack_memberships_contains_paid_content":false,"footnotes":""},"categories":[9],"tags":[],"class_list":["post-838","post","type-post","status-publish","format-standard","has-post-thumbnail","hentry","category-publications"],"jetpack_featured_media_url":"https:\/\/i0.wp.com\/phylacteres-bd.fr\/wp-content\/uploads\/2023\/01\/actu-inga.jpg?fit=800%2C400&ssl=1","jetpack_sharing_enabled":true,"_links":{"self":[{"href":"https:\/\/phylacteres-bd.fr\/index.php\/wp-json\/wp\/v2\/posts\/838","targetHints":{"allow":["GET"]}}],"collection":[{"href":"https:\/\/phylacteres-bd.fr\/index.php\/wp-json\/wp\/v2\/posts"}],"about":[{"href":"https:\/\/phylacteres-bd.fr\/index.php\/wp-json\/wp\/v2\/types\/post"}],"author":[{"embeddable":true,"href":"https:\/\/phylacteres-bd.fr\/index.php\/wp-json\/wp\/v2\/users\/1"}],"replies":[{"embeddable":true,"href":"https:\/\/phylacteres-bd.fr\/index.php\/wp-json\/wp\/v2\/comments?post=838"}],"version-history":[{"count":2,"href":"https:\/\/phylacteres-bd.fr\/index.php\/wp-json\/wp\/v2\/posts\/838\/revisions"}],"predecessor-version":[{"id":842,"href":"https:\/\/phylacteres-bd.fr\/index.php\/wp-json\/wp\/v2\/posts\/838\/revisions\/842"}],"wp:featuredmedia":[{"embeddable":true,"href":"https:\/\/phylacteres-bd.fr\/index.php\/wp-json\/wp\/v2\/media\/839"}],"wp:attachment":[{"href":"https:\/\/phylacteres-bd.fr\/index.php\/wp-json\/wp\/v2\/media?parent=838"}],"wp:term":[{"taxonomy":"category","embeddable":true,"href":"https:\/\/phylacteres-bd.fr\/index.php\/wp-json\/wp\/v2\/categories?post=838"},{"taxonomy":"post_tag","embeddable":true,"href":"https:\/\/phylacteres-bd.fr\/index.php\/wp-json\/wp\/v2\/tags?post=838"}],"curies":[{"name":"wp","href":"https:\/\/api.w.org\/{rel}","templated":true}]}}