{"id":920,"date":"2010-01-05T20:23:00","date_gmt":"2010-01-05T19:23:00","guid":{"rendered":"http:\/\/phylacteres-bd.fr\/?p=920"},"modified":"2023-01-05T20:32:28","modified_gmt":"2023-01-05T19:32:28","slug":"nos-premiers-passages-tv","status":"publish","type":"post","link":"https:\/\/phylacteres-bd.fr\/index.php\/2010\/01\/05\/nos-premiers-passages-tv\/","title":{"rendered":"Nos premiers passages TV"},"content":{"rendered":"\n<p>Nous sommes pas mal pass\u00e9 \u00e0 la t\u00e9l\u00e9vision locale lors de nos premi\u00e8res ann\u00e9es. Voici en vrac quelques interviews et reportages issus de France t\u00e9l\u00e9vision et Mirabelle TV. Attention la qualit\u00e9 de l&rsquo;image est d&rsquo;\u00e9poque&#8230;<\/p>\n\n\n\n<div style=\"height:59px\" aria-hidden=\"true\" class=\"wp-block-spacer\"><\/div>\n\n\n\n<figure class=\"wp-block-embed is-type-video is-provider-youtube wp-block-embed-youtube wp-embed-aspect-4-3 wp-has-aspect-ratio\"><div class=\"wp-block-embed__wrapper\">\n<div class=\"nv-iframe-embed\"><iframe loading=\"lazy\" title=\"Phylact\u00e8res sur France 3 (09\/2006)\" width=\"1200\" height=\"900\" src=\"https:\/\/www.youtube.com\/embed\/4Jq3f_ieAb0?feature=oembed\" frameborder=\"0\" allow=\"accelerometer; autoplay; clipboard-write; encrypted-media; gyroscope; picture-in-picture; web-share\" allowfullscreen><\/iframe><\/div>\n<\/div><figcaption class=\"wp-element-caption\">Phylact\u00e8res sur France 3 (09\/2006)<\/figcaption><\/figure>\n\n\n\n<div style=\"height:59px\" aria-hidden=\"true\" class=\"wp-block-spacer\"><\/div>\n\n\n\n<figure class=\"wp-block-embed is-type-video is-provider-youtube wp-block-embed-youtube wp-embed-aspect-4-3 wp-has-aspect-ratio\"><div class=\"wp-block-embed__wrapper\">\n<div class=\"nv-iframe-embed\"><iframe loading=\"lazy\" title=\"interview association Phylacteres JT France3\" width=\"1200\" height=\"900\" src=\"https:\/\/www.youtube.com\/embed\/m0luhbCrEXA?feature=oembed\" frameborder=\"0\" allow=\"accelerometer; autoplay; clipboard-write; encrypted-media; gyroscope; picture-in-picture; web-share\" allowfullscreen><\/iframe><\/div>\n<\/div><figcaption class=\"wp-element-caption\">interview de Nicolas Jambois, pr\u00e9sident de l&rsquo;association Phylact\u00e8res (bande dessin\u00e9e en Lorraine). JT de France 3 le lundi 14 janvier 2008.<\/figcaption><\/figure>\n\n\n\n<div style=\"height:59px\" aria-hidden=\"true\" class=\"wp-block-spacer\"><\/div>\n\n\n\n<figure class=\"wp-block-embed is-type-video is-provider-youtube wp-block-embed-youtube wp-embed-aspect-4-3 wp-has-aspect-ratio\"><div class=\"wp-block-embed__wrapper\">\n<div class=\"nv-iframe-embed\"><iframe loading=\"lazy\" title=\"2\u00e8me reportage de France 3 sur Phylact\u00e8res\" width=\"1200\" height=\"900\" src=\"https:\/\/www.youtube.com\/embed\/s9xrtYArKuY?feature=oembed\" frameborder=\"0\" allow=\"accelerometer; autoplay; clipboard-write; encrypted-media; gyroscope; picture-in-picture; web-share\" allowfullscreen><\/iframe><\/div>\n<\/div><figcaption class=\"wp-element-caption\">2\u00e8me reportage r\u00e9alis\u00e9 par France 3 Lorraine sur l&rsquo;association<\/figcaption><\/figure>\n","protected":false},"excerpt":{"rendered":"<p>Nous sommes pas mal pass\u00e9 \u00e0 la t\u00e9l\u00e9vision locale lors de nos premi\u00e8res ann\u00e9es. Voici en vrac quelques interviews et reportages issus de France t\u00e9l\u00e9vision et Mirabelle TV. Attention la&hellip;&nbsp;<a href=\"https:\/\/phylacteres-bd.fr\/index.php\/2010\/01\/05\/nos-premiers-passages-tv\/\" rel=\"bookmark\">Lire la suite &raquo;<span class=\"screen-reader-text\">Nos premiers passages TV<\/span><\/a><\/p>\n","protected":false},"author":1,"featured_media":921,"comment_status":"open","ping_status":"open","sticky":false,"template":"","format":"standard","meta":{"neve_meta_sidebar":"","neve_meta_container":"","neve_meta_enable_content_width":"","neve_meta_content_width":0,"neve_meta_title_alignment":"","neve_meta_author_avatar":"","neve_post_elements_order":"","neve_meta_disable_header":"","neve_meta_disable_footer":"","neve_meta_disable_title":"","_themeisle_gutenberg_block_has_review":false,"_jetpack_memberships_contains_paid_content":false,"footnotes":""},"categories":[1],"tags":[21,30,13],"class_list":["post-920","post","type-post","status-publish","format-standard","has-post-thumbnail","hentry","category-revue-de-presse","tag-revue-de-presse","tag-television","tag-video"],"jetpack_featured_media_url":"https:\/\/i0.wp.com\/phylacteres-bd.fr\/wp-content\/uploads\/2023\/01\/actu-tv.jpg?fit=800%2C400&ssl=1","jetpack_sharing_enabled":true,"_links":{"self":[{"href":"https:\/\/phylacteres-bd.fr\/index.php\/wp-json\/wp\/v2\/posts\/920","targetHints":{"allow":["GET"]}}],"collection":[{"href":"https:\/\/phylacteres-bd.fr\/index.php\/wp-json\/wp\/v2\/posts"}],"about":[{"href":"https:\/\/phylacteres-bd.fr\/index.php\/wp-json\/wp\/v2\/types\/post"}],"author":[{"embeddable":true,"href":"https:\/\/phylacteres-bd.fr\/index.php\/wp-json\/wp\/v2\/users\/1"}],"replies":[{"embeddable":true,"href":"https:\/\/phylacteres-bd.fr\/index.php\/wp-json\/wp\/v2\/comments?post=920"}],"version-history":[{"count":1,"href":"https:\/\/phylacteres-bd.fr\/index.php\/wp-json\/wp\/v2\/posts\/920\/revisions"}],"predecessor-version":[{"id":922,"href":"https:\/\/phylacteres-bd.fr\/index.php\/wp-json\/wp\/v2\/posts\/920\/revisions\/922"}],"wp:featuredmedia":[{"embeddable":true,"href":"https:\/\/phylacteres-bd.fr\/index.php\/wp-json\/wp\/v2\/media\/921"}],"wp:attachment":[{"href":"https:\/\/phylacteres-bd.fr\/index.php\/wp-json\/wp\/v2\/media?parent=920"}],"wp:term":[{"taxonomy":"category","embeddable":true,"href":"https:\/\/phylacteres-bd.fr\/index.php\/wp-json\/wp\/v2\/categories?post=920"},{"taxonomy":"post_tag","embeddable":true,"href":"https:\/\/phylacteres-bd.fr\/index.php\/wp-json\/wp\/v2\/tags?post=920"}],"curies":[{"name":"wp","href":"https:\/\/api.w.org\/{rel}","templated":true}]}}